{"id":1029,"date":"2023-09-04T09:42:50","date_gmt":"2023-09-04T09:42:50","guid":{"rendered":"https:\/\/rnmcadvocacia.com\/?p=1029"},"modified":"2025-10-06T16:59:40","modified_gmt":"2025-10-06T16:59:40","slug":"apoio-extraordinario-ao-pagamento-da-renda","status":"publish","type":"post","link":"https:\/\/rnmcadvocacia.com\/en\/apoio-extraordinario-ao-pagamento-da-renda\/","title":{"rendered":"Apoio Extraordin\u00e1rio ao Pagamento da Renda"},"content":{"rendered":"<p>Apoio Extraordin\u00e1rio ao Pagamento da Renda<\/p>\r\n\r\n\r\n\r\n<p>O Apoio Extraordin\u00e1rio para o Pagamento de Renda \u00e9 uma medida criada pelo Governo Portugu\u00eas, no ano de 2023 dentro de um pacote de medidas para conter os impactos da infla\u00e7\u00e3o e aumento dos juros. Consiste em uma presta\u00e7\u00e3o mensal n\u00e3o reembols\u00e1vel, que corresponde a uma percentagem do valor da renda mensal fixada no contrato de arrendamento o subarrendamento, atribu\u00edda com o limite m\u00e1ximo de 200\u20ac oficiosamente pelo Instituto de Habita\u00e7\u00e3o e da Reabilita\u00e7\u00e3o Urbana\u00a0 I.P.<\/p>\r\n\r\n\r\n\r\n<p>Como saber se sou eleg\u00edvel ao benef\u00edcio?<\/p>\r\n\r\n\r\n\r\n<p>Os agregados familiares precisam preencher alguns requisitos, cumulativamente, a saber:<\/p>\r\n\r\n\r\n\r\n<ol class=\"wp-block-list\">\r\n<li>Resid\u00eancia fiscal em Portugal;<\/li>\r\n\r\n\r\n\r\n<li>Ser titular de contrato de arrendamento ou subarrendamento de primeira habita\u00e7\u00e3o;<\/li>\r\n\r\n\r\n\r\n<li>Tenham taxa de esfor\u00e7o igual ou superior a 35% do seu rendimento anual com os encargos anual do pagamento das rendas;<\/li>\r\n<\/ol>\r\n\r\n\r\n\r\n<p>Como saber se me foi atribu\u00eddo o benef\u00edcio? A Autoridade tribut\u00e1ria enviou correspond\u00eancia \u00e0 morada fiscal informando o valor atribu\u00eddo a cada contribuinte eleg\u00edvel ao benef\u00edcio.<\/p>\r\n\r\n\r\n\r\n<p>Caso entenda que se enquadra numas das situa\u00e7\u00f5es acima elencadas e n\u00e3o tenha recebido comunica\u00e7\u00e3o nesse sentido, procure informa\u00e7\u00f5es fidedignas a fim de verificar a exist\u00eancia de erro na an\u00e1lise do seu caso em concreto. Contudo, alerta-se para o facto de que se trata de um benef\u00edcio atribu\u00eddo pelo Instituto de Habita\u00e7\u00e3o e Reabilita\u00e7\u00e3o Urbana, I.P., n\u00e3o sendo compet\u00eancia dos Servi\u00e7os de Finan\u00e7as a presta\u00e7\u00e3o de informa\u00e7\u00f5es ou solicita\u00e7\u00f5es de an\u00e1lise.\u00a0<\/p>\r\n\r\n\r\n\r\n<p>Por fim, \u00e9 interessante observar que o referido benef\u00edcio ser\u00e1 atribu\u00eddo at\u00e9 o ano de 2028, com revis\u00e3o anual da elegibilidade de cada contribuinte.<\/p>\r\n\r\n\r\n\r\n<p>As informa\u00e7\u00f5es prestadas s\u00e3o de car\u00e1ter informativo. Consulte um (a) advogado (a) de sua confian\u00e7a.<\/p>","protected":false},"excerpt":{"rendered":"<p>Apoio Extraordin\u00e1rio ao Pagamento da Renda O Apoio Extraordin\u00e1rio para o Pagamento de Renda \u00e9 uma medida criada pelo Governo Portugu\u00eas, no ano de 2023 dentro de um pacote de medidas para conter os impactos da infla\u00e7\u00e3o e aumento dos juros. Consiste em uma presta\u00e7\u00e3o mensal n\u00e3o reembols\u00e1vel, que corresponde a uma percentagem do valor [&hellip;]<\/p>","protected":false},"author":4,"featured_media":988496,"comment_status":"open","ping_status":"open","sticky":false,"template":"","format":"standard","meta":{"footnotes":""},"categories":[1],"tags":[],"class_list":["post-1029","post","type-post","status-publish","format-standard","has-post-thumbnail","hentry","category-uncategorized"],"_links":{"self":[{"href":"https:\/\/rnmcadvocacia.com\/en\/wp-json\/wp\/v2\/posts\/1029","targetHints":{"allow":["GET"]}}],"collection":[{"href":"https:\/\/rnmcadvocacia.com\/en\/wp-json\/wp\/v2\/posts"}],"about":[{"href":"https:\/\/rnmcadvocacia.com\/en\/wp-json\/wp\/v2\/types\/post"}],"author":[{"embeddable":true,"href":"https:\/\/rnmcadvocacia.com\/en\/wp-json\/wp\/v2\/users\/4"}],"replies":[{"embeddable":true,"href":"https:\/\/rnmcadvocacia.com\/en\/wp-json\/wp\/v2\/comments?post=1029"}],"version-history":[{"count":4,"href":"https:\/\/rnmcadvocacia.com\/en\/wp-json\/wp\/v2\/posts\/1029\/revisions"}],"predecessor-version":[{"id":988497,"href":"https:\/\/rnmcadvocacia.com\/en\/wp-json\/wp\/v2\/posts\/1029\/revisions\/988497"}],"wp:featuredmedia":[{"embeddable":true,"href":"https:\/\/rnmcadvocacia.com\/en\/wp-json\/wp\/v2\/media\/988496"}],"wp:attachment":[{"href":"https:\/\/rnmcadvocacia.com\/en\/wp-json\/wp\/v2\/media?parent=1029"}],"wp:term":[{"taxonomy":"category","embeddable":true,"href":"https:\/\/rnmcadvocacia.com\/en\/wp-json\/wp\/v2\/categories?post=1029"},{"taxonomy":"post_tag","embeddable":true,"href":"https:\/\/rnmcadvocacia.com\/en\/wp-json\/wp\/v2\/tags?post=1029"}],"curies":[{"name":"wp","href":"https:\/\/api.w.org\/{rel}","templated":true}]}}