{"id":1104,"date":"2023-10-30T21:10:16","date_gmt":"2023-10-30T21:10:16","guid":{"rendered":"https:\/\/rnmcadvocacia.com\/?p=1104"},"modified":"2025-10-06T16:15:43","modified_gmt":"2025-10-06T16:15:43","slug":"autorizacao-de-residencia-cplp-sera-o-fim-da-manifestacao-de-interesse","status":"publish","type":"post","link":"https:\/\/rnmcadvocacia.com\/en\/autorizacao-de-residencia-cplp-sera-o-fim-da-manifestacao-de-interesse\/","title":{"rendered":"Autoriza\u00e7\u00e3o de Resid\u00eancia CPLP: ser\u00e1 o fim da Manifesta\u00e7\u00e3o de Interesse?"},"content":{"rendered":"<p>Desde a cria\u00e7\u00e3o da Autoriza\u00e7\u00e3o de Resid\u00eancia CPLP, muito se tem questionado se, com estas, ser\u00e1 o fim das Manifesta\u00e7\u00f5es de Interesse.<\/p>\r\n\r\n\r\n\r\n<p>Apesar das Autoriza\u00e7\u00f5es CPLP terem vindo a demonstrar um futuro incerto, tendo sido postas a xeque por diversos pa\u00edses da Uni\u00e3o Europeia, facto \u00e9 que, qualquer que seja o rumo para as mesmas, est\u00e1 cada dia mais assente uma certeza: estas n\u00e3o trar\u00e3o o fim da Manifesta\u00e7\u00e3o de Interesse.<\/p>\r\n\r\n\r\n\r\n<p>Explico o porqu\u00ea e \u00e9 muito simples: muitos dos que chegam \u00e0 Portugal e iniciam sua regulariza\u00e7\u00e3o em territ\u00f3rio nacional, n\u00e3o s\u00e3o, necessariamente, oriundos de pa\u00edses de l\u00edngua m\u00e3e portuguesa, sendo-lhes imposs\u00edvel alcan\u00e7ar uma resid\u00eancia CPLP.<\/p>\r\n\r\n\r\n\r\n<p>Uma outra quest\u00e3o a refor\u00e7ar \u00e9 que, a resid\u00eancia CPLP, como disse acima, ainda tem o futuro bastante incerto, n\u00e3o sendo aceita por muitos pa\u00edses da Comunidade Europeia e, diante dessa situa\u00e7\u00e3o, h\u00e1 quem prefira optar pelo T\u00edtulo de Resid\u00eancia ao abrigo dos artigos 88 ou 89 da Lei de Estrangeiros e ter a tranquilidade de, uma vez obtido, n\u00e3o ter preocupa\u00e7\u00e3o de renova\u00e7\u00e3o nos pr\u00f3ximos dois anos ou mesmo n\u00e3o ter problemas em sua entrada vedada em pa\u00edses da UE.<\/p>\r\n\r\n\r\n\r\n<p>Assim, apesar da grande especula\u00e7\u00e3o, ainda n\u00e3o se verifica outro mecanismo a boa parte das pessoas que chegam \u00e0 Portugal e c\u00e1 decidem se estabelecer atrav\u00e9s de trabalho, que n\u00e3o seja a apresenta\u00e7\u00e3o da Manifesta\u00e7\u00e3o de Interesse.<\/p>\r\n\r\n\r\n\r\n<p>Aos que pensam em optar pela Autoriza\u00e7\u00e3o de Resid\u00eancia CPLP, \u00e9 muito importante pesar os pr\u00f3s e contras que a mesma carrega.<\/p>\r\n\r\n\r\n\r\n<p>Registo que, este artigo \u00e9 meramente informativo e, de forma alguma incentiva-se qualquer pessoa a vir para Portugal sem um visto, uma nacionalidade que permita-lhe aqui viver regularmente ou outro processo de entrada e perman\u00eancia legal no pa\u00eds.<\/p>\r\n\r\n\r\n\r\n<p>Em caso de d\u00favida, consulte sempre um profissional habilitado.<\/p>\r\n\r\n\r\n\r\n<p>Ana Carolina do Nascimento<\/p>\r\n\r\n\r\n\r\n<p>Advogada, RL<\/p>\r\n\r\n\r\n\r\n<p>C\u00e9dula Profissional: 55.938L<\/p>\r\n\r\n\r\n\r\n<p>&nbsp;<\/p>","protected":false},"excerpt":{"rendered":"<p>Desde a cria\u00e7\u00e3o da Autoriza\u00e7\u00e3o de Resid\u00eancia CPLP, muito se tem questionado se, com estas, ser\u00e1 o fim das Manifesta\u00e7\u00f5es de Interesse. Apesar das Autoriza\u00e7\u00f5es CPLP terem vindo a demonstrar um futuro incerto, tendo sido postas a xeque por diversos pa\u00edses da Uni\u00e3o Europeia, facto \u00e9 que, qualquer que seja o rumo para as mesmas, [&hellip;]<\/p>","protected":false},"author":7,"featured_media":988490,"comment_status":"open","ping_status":"open","sticky":false,"template":"","format":"standard","meta":{"footnotes":""},"categories":[1],"tags":[],"class_list":["post-1104","post","type-post","status-publish","format-standard","has-post-thumbnail","hentry","category-uncategorized"],"_links":{"self":[{"href":"https:\/\/rnmcadvocacia.com\/en\/wp-json\/wp\/v2\/posts\/1104","targetHints":{"allow":["GET"]}}],"collection":[{"href":"https:\/\/rnmcadvocacia.com\/en\/wp-json\/wp\/v2\/posts"}],"about":[{"href":"https:\/\/rnmcadvocacia.com\/en\/wp-json\/wp\/v2\/types\/post"}],"author":[{"embeddable":true,"href":"https:\/\/rnmcadvocacia.com\/en\/wp-json\/wp\/v2\/users\/7"}],"replies":[{"embeddable":true,"href":"https:\/\/rnmcadvocacia.com\/en\/wp-json\/wp\/v2\/comments?post=1104"}],"version-history":[{"count":3,"href":"https:\/\/rnmcadvocacia.com\/en\/wp-json\/wp\/v2\/posts\/1104\/revisions"}],"predecessor-version":[{"id":988491,"href":"https:\/\/rnmcadvocacia.com\/en\/wp-json\/wp\/v2\/posts\/1104\/revisions\/988491"}],"wp:featuredmedia":[{"embeddable":true,"href":"https:\/\/rnmcadvocacia.com\/en\/wp-json\/wp\/v2\/media\/988490"}],"wp:attachment":[{"href":"https:\/\/rnmcadvocacia.com\/en\/wp-json\/wp\/v2\/media?parent=1104"}],"wp:term":[{"taxonomy":"category","embeddable":true,"href":"https:\/\/rnmcadvocacia.com\/en\/wp-json\/wp\/v2\/categories?post=1104"},{"taxonomy":"post_tag","embeddable":true,"href":"https:\/\/rnmcadvocacia.com\/en\/wp-json\/wp\/v2\/tags?post=1104"}],"curies":[{"name":"wp","href":"https:\/\/api.w.org\/{rel}","templated":true}]}}